{"id":9578,"date":"2026-04-30T17:00:20","date_gmt":"2026-04-30T20:00:20","guid":{"rendered":"https:\/\/koria.com.br\/?p=9578"},"modified":"2026-04-30T16:13:33","modified_gmt":"2026-04-30T19:13:33","slug":"koria-leva-inovacao-em-pintura-industrial-para-a-feimec","status":"publish","type":"post","link":"https:\/\/koria.com.br\/en\/koria-leva-inovacao-em-pintura-industrial-para-a-feimec\/","title":{"rendered":"Koria leva inova\u00e7\u00e3o em pintura industrial para a FEIMEC"},"content":{"rendered":"<p><span style=\"font-weight: 400;\">THE <\/span><span style=\"font-weight: 400;\">Koria<\/span><span style=\"font-weight: 400;\">, l\u00edder em solu\u00e7\u00f5es para o mercado de pintura industrial, participa da <\/span><a href=\"https:\/\/www.feimec.com.br\/pt\/home.html\"><span style=\"font-weight: 400;\">5\u00aa Feira Internacional de M\u00e1quinas e Equipamentos (FEIMEC)<\/span><\/a><span style=\"font-weight: 400;\">, um dos principais eventos da ind\u00fastria de manufatura da Am\u00e9rica Latina, que ser\u00e1 realizada entre os dias 5 e 9 de maio, em S\u00e3o Paulo (SP). O evento re\u00fane empresas, especialistas e tecnologias voltadas \u00e0 inova\u00e7\u00e3o e ao avan\u00e7o da ind\u00fastria, consolidando-se como um dos principais pontos de encontro do setor no pa\u00eds.<\/span><\/p>\n<p><span style=\"font-weight: 400;\">Na feira, a Koria apresenta ao mercado seu avan\u00e7o no segmento de pintura p\u00f3, refor\u00e7ando o posicionamento al\u00e9m da pintura l\u00edquida. Entre os destaques est\u00e1 o lan\u00e7amento de uma cabine de pintura p\u00f3 com ciclone, desenvolvida para alto \u00edndice de reaproveitamento de tinta e troca r\u00e1pida de cor, ampliando a efici\u00eancia dos processos industriais.<\/span><\/p>\n<p><img fetchpriority=\"high\" decoding=\"async\" class=\"alignnone wp-image-9580\" src=\"https:\/\/koria.com.br\/wp-content\/uploads\/2026\/04\/WhatsApp-Image-2026-04-15-at-10.53.18-1-300x210.jpg\" alt=\"\" width=\"636\" height=\"445\" srcset=\"https:\/\/koria.com.br\/wp-content\/uploads\/2026\/04\/WhatsApp-Image-2026-04-15-at-10.53.18-1-300x210.jpg 300w, https:\/\/koria.com.br\/wp-content\/uploads\/2026\/04\/WhatsApp-Image-2026-04-15-at-10.53.18-1-1024x716.jpg 1024w, https:\/\/koria.com.br\/wp-content\/uploads\/2026\/04\/WhatsApp-Image-2026-04-15-at-10.53.18-1-768x537.jpg 768w, https:\/\/koria.com.br\/wp-content\/uploads\/2026\/04\/WhatsApp-Image-2026-04-15-at-10.53.18-1-1536x1074.jpg 1536w, https:\/\/koria.com.br\/wp-content\/uploads\/2026\/04\/WhatsApp-Image-2026-04-15-at-10.53.18-1-18x12.jpg 18w, https:\/\/koria.com.br\/wp-content\/uploads\/2026\/04\/WhatsApp-Image-2026-04-15-at-10.53.18-1.jpg 1600w\" sizes=\"(max-width: 636px) 100vw, 636px\" \/><\/p>\n<p><span style=\"font-weight: 400;\">O estande no S\u00e3o Paulo Expo (B078) tamb\u00e9m conta com tecnologias voltadas \u00e0 automa\u00e7\u00e3o da pintura, como um reciprocador, equipamento que realiza a aplica\u00e7\u00e3o autom\u00e1tica do p\u00f3 nas pe\u00e7as, e um rob\u00f4 de pintura com maior flexibilidade de movimentos, permitindo aplica\u00e7\u00f5es mais precisas e adapt\u00e1veis a diferentes geometrias. As solu\u00e7\u00f5es evidenciam a evolu\u00e7\u00e3o do setor em dire\u00e7\u00e3o a processos mais produtivos e padronizados.<\/span><\/p>\n<p><span style=\"font-weight: 400;\">Outro diferencial apresentado \u00e9 a tecnologia de cura r\u00e1pida com UV LED, desenvolvida pela pr\u00f3pria Koria, capaz de reduzir o tempo de cura para cerca de tr\u00eas segundos em determinados materiais. A inova\u00e7\u00e3o contribui diretamente para ganhos de produtividade e efici\u00eancia energ\u00e9tica, sendo uma das apostas da empresa para o futuro da pintura industrial.<\/span><\/p>\n<p><span style=\"font-weight: 400;\">Para o engenheiro mec\u00e2nico e gerente comercial da Koria, Jonatan Buzin, a participa\u00e7\u00e3o na feira tem papel estrat\u00e9gico no posicionamento da empresa enquanto maior ecossistema de pintura do Brasil, com a solu\u00e7\u00e3o em m\u00e1quinas, equipamentos de aplica\u00e7\u00e3o e suprimentos. \u201cEstar na FEIMEC \u00e9 uma oportunidade de mostrar ao mercado a evolu\u00e7\u00e3o da Koria e a amplia\u00e7\u00e3o do nosso portf\u00f3lio. Al\u00e9m de apresentar as novidades, \u00e9 um momento de refor\u00e7ar que estamos preparados para atender diferentes demandas da ind\u00fastria, com tecnologia, inova\u00e7\u00e3o e solu\u00e7\u00f5es completas para pintura\u201d, afirma.<\/span><\/p>\n<h2><b>Sobre a FEIMEC<\/b><\/h2>\n<p><span style=\"font-weight: 400;\">Reunindo profissionais de mais de 30 pa\u00edses, FEIMEC 2026 ser\u00e1 o ponto de encontro para l\u00edderes, empreendedores e profissionais que buscam as mais avan\u00e7adas tecnologias, m\u00e1quinas e equipamentos, oferecendo parcerias estrat\u00e9gicas que impulsionam neg\u00f3cios e transformam o mercado. Realizada a cada dois anos, a expectativa para essa edi\u00e7\u00e3o \u00e9 de receber aproximadamente 70 mil visitantes em seus cinco dias de realiza\u00e7\u00e3o, em uma \u00e1rea de exposi\u00e7\u00e3o superior a 80 mil m\u00b2.\u00a0<\/span><\/p>\n<p><span style=\"font-weight: 400;\">Com a participa\u00e7\u00e3o de cerca de 1.100 marcas nacionais e internacionais, o evento trar\u00e1 as<\/span><span style=\"font-weight: 400;\"> \u00faltimas tend\u00eancias da Ind\u00fastria 4.0, al\u00e9m de debater temas relevantes para o desenvolvimento sustent\u00e1vel do setor e promover intera\u00e7\u00e3o e neg\u00f3cios em um ambiente repleto de inova\u00e7\u00e3o, tecnologia, m\u00e1quinas, equipamentos\u00a0 e solu\u00e7\u00f5es de ponta para toda a cadeia industrial. A feira \u00e9\u00a0 uma iniciativa da <a href=\"https:\/\/abimaq.org.br\/\">Associa\u00e7\u00e3o Brasileira da Ind\u00fastria de M\u00e1quinas e Equipamentos (ABIMAQ)<\/a>, promovida e organizada pela Informa Markets.<\/span><\/p>","protected":false},"excerpt":{"rendered":"<p>A Koria, l\u00edder em solu\u00e7\u00f5es para o mercado de pintura industrial, participa da 5\u00aa Feira Internacional de M\u00e1quinas e Equipamentos (FEIMEC), um dos principais eventos da ind\u00fastria de manufatura da Am\u00e9rica Latina, que ser\u00e1 realizada entre os dias 5 e 9 de maio, em S\u00e3o Paulo (SP). O evento re\u00fane empresas, especialistas e tecnologias voltadas [&hellip;]<\/p>\n","protected":false},"author":3,"featured_media":9581,"comment_status":"closed","ping_status":"closed","sticky":false,"template":"","format":"standard","meta":{"_acf_changed":false,"inline_featured_image":false,"footnotes":""},"categories":[119],"tags":[],"class_list":["post-9578","post","type-post","status-publish","format-standard","has-post-thumbnail","hentry","category-geral"],"acf":[],"_links":{"self":[{"href":"https:\/\/koria.com.br\/en\/wp-json\/wp\/v2\/posts\/9578","targetHints":{"allow":["GET"]}}],"collection":[{"href":"https:\/\/koria.com.br\/en\/wp-json\/wp\/v2\/posts"}],"about":[{"href":"https:\/\/koria.com.br\/en\/wp-json\/wp\/v2\/types\/post"}],"author":[{"embeddable":true,"href":"https:\/\/koria.com.br\/en\/wp-json\/wp\/v2\/users\/3"}],"replies":[{"embeddable":true,"href":"https:\/\/koria.com.br\/en\/wp-json\/wp\/v2\/comments?post=9578"}],"version-history":[{"count":2,"href":"https:\/\/koria.com.br\/en\/wp-json\/wp\/v2\/posts\/9578\/revisions"}],"predecessor-version":[{"id":9583,"href":"https:\/\/koria.com.br\/en\/wp-json\/wp\/v2\/posts\/9578\/revisions\/9583"}],"wp:featuredmedia":[{"embeddable":true,"href":"https:\/\/koria.com.br\/en\/wp-json\/wp\/v2\/media\/9581"}],"wp:attachment":[{"href":"https:\/\/koria.com.br\/en\/wp-json\/wp\/v2\/media?parent=9578"}],"wp:term":[{"taxonomy":"category","embeddable":true,"href":"https:\/\/koria.com.br\/en\/wp-json\/wp\/v2\/categories?post=9578"},{"taxonomy":"post_tag","embeddable":true,"href":"https:\/\/koria.com.br\/en\/wp-json\/wp\/v2\/tags?post=9578"}],"curies":[{"name":"wp","href":"https:\/\/api.w.org\/{rel}","templated":true}]}}